{"id":1515,"date":"2018-06-29T14:10:18","date_gmt":"2018-06-29T13:10:18","guid":{"rendered":"https:\/\/centreazimuts.be\/wp\/?p=1515"},"modified":"2018-06-29T15:13:57","modified_gmt":"2018-06-29T14:13:57","slug":"groupe-de-parole-sur-la-parentalite-demarrage-en-septembre-2018-les-inscriptions-sont-ouvertes","status":"publish","type":"post","link":"https:\/\/centreazimuts.be\/wp\/2018\/06\/29\/groupe-de-parole-sur-la-parentalite-demarrage-en-septembre-2018-les-inscriptions-sont-ouvertes\/","title":{"rendered":"Groupe de parole sur la Parentalit\u00e9: d\u00e9marrage en septembre 2018, les inscriptions sont ouvertes!"},"content":{"rendered":"<blockquote class=\"gmail_quote\">\n<div>\n<p>Les modalit\u00e9s pratiques de notre groupe de parole sur <strong>la parentalit\u00e9<\/strong> ont \u00e9t\u00e9 d\u00e9finies!<\/p>\n<blockquote class=\"gmail_quote\">\n<div>\n<p>Une question ? Une suggestion ?<br \/>\nEnvie de plus d\u2019infos?<br \/>\nVous voulez vous inscrire ?<\/p>\n<\/div>\n<\/blockquote>\n<blockquote><p>Contactez <a href=\"https:\/\/centreazimuts.be\/wp\/clemence-hennebert\/\">Cl\u00e9mence<\/a> au 0470 870 496<\/p><\/blockquote>\n<p><em><strong><span class=\"s8\">En pratique:<\/span><\/strong><\/em><\/p>\n<\/div>\n<\/blockquote>\n<div><\/div>\n<div>\n<table style=\"height: 58px;\" width=\"404\">\n<tbody>\n<tr>\n<td><span class=\"s7\"><em>Calendrier<\/em>: <span style=\"color: #993366;\"><strong>6 rencontres, de 19h45 \u00e0 21h45<\/strong><\/span><\/span><\/td>\n<\/tr>\n<\/tbody>\n<\/table>\n<\/div>\n<div>\n<table style=\"height: 47px;\" width=\"303\">\n<tbody>\n<tr>\n<td>\n<ul>\n<li><span class=\"s7\">Jeudi 13 septembre<\/span><\/li>\n<\/ul>\n<\/td>\n<\/tr>\n<\/tbody>\n<\/table>\n<\/div>\n<div>\n<table style=\"height: 47px;\" width=\"303\">\n<tbody>\n<tr>\n<td>\n<ul>\n<li><span class=\"s7\">Jeudi 4 octobre<\/span><\/li>\n<\/ul>\n<\/td>\n<\/tr>\n<\/tbody>\n<\/table>\n<\/div>\n<div>\n<table style=\"height: 47px;\" width=\"303\">\n<tbody>\n<tr>\n<td>\n<ul>\n<li><span class=\"s7\">Jeudi 18 octobre<\/span><\/li>\n<\/ul>\n<\/td>\n<\/tr>\n<\/tbody>\n<\/table>\n<\/div>\n<div>\n<table style=\"height: 47px;\" width=\"303\">\n<tbody>\n<tr>\n<td>\n<ul>\n<li><span class=\"s7\">Mardi 6 novembre<\/span><\/li>\n<\/ul>\n<\/td>\n<\/tr>\n<\/tbody>\n<\/table>\n<\/div>\n<div>\n<table style=\"height: 47px;\" width=\"303\">\n<tbody>\n<tr>\n<td>\n<ul>\n<li><span class=\"s7\">Mardi 20 novembre<\/span><\/li>\n<\/ul>\n<\/td>\n<\/tr>\n<\/tbody>\n<\/table>\n<\/div>\n<div>\n<table style=\"height: 47px;\" width=\"303\">\n<tbody>\n<tr>\n<td>\n<ul>\n<li><span class=\"s7\">Mardi 4 d\u00e9cembre<\/span><\/li>\n<\/ul>\n<\/td>\n<\/tr>\n<\/tbody>\n<\/table>\n<\/div>\n<blockquote class=\"gmail_quote\">\n<div>\n<p><span class=\"s7\" style=\"color: #993366;\">Prix: <strong>135 \u20ac<\/strong> pour les 6\u00a0s\u00e9ances<\/span><\/p>\n<p><span class=\"s7\" style=\"color: #993366;\">Groupe de <strong>8 a 12 participants<\/strong><\/span><\/p>\n<p><span class=\"s7\"><span style=\"color: #993366;\">Les <strong>animateurs\/trices<\/strong>: <\/span><a href=\"https:\/\/centreazimuts.be\/wp\/equipe\/christine-marsigny\/\">Christine Marsigny<\/a><\/span><span class=\"s7\">,\u00a0<\/span><a href=\"https:\/\/centreazimuts.be\/wp\/severine-piret-gerard\/\"><span class=\"s7\">S\u00e9verine<\/span><span class=\"s7\"> Piret-G\u00e9rard<\/span><\/a><span class=\"s7\">, <a href=\"https:\/\/centreazimuts.be\/wp\/sebastien-dumont\/\">S\u00e9bastien Dumont<\/a><\/span><\/p>\n<p><a href=\"https:\/\/centreazimuts.be\/wp\/wp-content\/uploads\/2018\/02\/Groupe-de-parole3.png\"><img loading=\"lazy\" decoding=\"async\" class=\"wp-image-1417 alignleft\" src=\"https:\/\/centreazimuts.be\/wp\/wp-content\/uploads\/2018\/02\/Groupe-de-parole3-300x300.png\" alt=\"\" width=\"299\" height=\"299\" srcset=\"https:\/\/centreazimuts.be\/wp\/wp-content\/uploads\/2018\/02\/Groupe-de-parole3-300x300.png 300w, https:\/\/centreazimuts.be\/wp\/wp-content\/uploads\/2018\/02\/Groupe-de-parole3-150x150.png 150w, https:\/\/centreazimuts.be\/wp\/wp-content\/uploads\/2018\/02\/Groupe-de-parole3-768x768.png 768w, https:\/\/centreazimuts.be\/wp\/wp-content\/uploads\/2018\/02\/Groupe-de-parole3.png 800w\" sizes=\"auto, (max-width: 299px) 100vw, 299px\" \/><\/a><\/p>\n<ul>\n<li>Vous \u00eates parent et il vous est arriv\u00e9 de ne plus comprendre votre enfant, de douter de la mani\u00e8re dont vous vous occupez de lui?<\/li>\n<li>Vous ressentez parfois de la difficult\u00e9 \u00e0 faire co\u00efncider vos besoins propres avec les besoins de votre enfant?<\/li>\n<\/ul>\n<p>=&gt; Nous vous proposons d&rsquo;int\u00e9grer le groupe de parole sur la parentalit\u00e9 organis\u00e9 par le Centre Azimuts.<\/p>\n<p>&nbsp;<\/p>\n<p><strong>La parole comme outil<\/strong><\/p>\n<p>Le groupe de parole est un lieu d\u2019\u00e9changes entre pairs, encadr\u00e9 et facilit\u00e9 par des professionnels.<\/p>\n<p>&nbsp;<\/p>\n<p><strong>Objectifs<\/strong><\/p>\n<p>Vous soutenir en tant que (beau) parent dans la relation \u00e0 votre enfant.<\/p>\n<p>Vous soutenir en votre qualit\u00e9 de parent dans votre relation \u00e0 vous-m\u00eame.<\/p>\n<p>Vous aider \u00e0 prendre en compte les besoins de votre enfant tout en restant \u00e0 l\u2019\u00e9coute de vos propres besoins et ressentis.<\/p>\n<p>&nbsp;<\/p>\n<p><strong>M\u00e9thodologie<\/strong><\/p>\n<p>Se soutenir entre pairs, co-construire autour de la parentalit\u00e9.<\/p>\n<p>Ce groupe vous propose de partir de vos situations de vie et de les aborder d&rsquo;un point de vue th\u00e9orique (stades de d\u00e9veloppement de l&rsquo;enfant\/adolescent, les troubles divers, &#8230;). Il vous invite \u00e9galement \u00e0 exp\u00e9rimenter de nouveaux comportements et d&rsquo;autres exp\u00e9riences relationnelles.<\/p>\n<p>Le groupe est accompagn\u00e9 par diff\u00e9rents professionnels qui sont form\u00e9s \u00e0 la question de la parentalit\u00e9, qui ont une pratique de th\u00e9rapie exp\u00e9rientielle et une expertise de l&rsquo;enfance\/adolescence et du relationnel.<\/p>\n<p>Chaque s\u00e9ance est faite d\u2019\u00e9changes et de partages entre les participants et d\u2019apports de contenus th\u00e9oriques et m\u00e9thodologiques par les animateurs.<\/p>\n<\/div>\n<\/blockquote>\n<blockquote class=\"gmail_quote\">\n<div>\n<p>&nbsp;<\/p>\n<p>Une question ? Une suggestion ?<br \/>\nEnvie de plus d\u2019infos?<br \/>\nVous voulez vous inscrire ?<\/p>\n<\/div>\n<\/blockquote>\n<blockquote><p>Contactez <a href=\"https:\/\/centreazimuts.be\/wp\/clemence-hennebert\/\">Cl\u00e9mence<\/a> au 0470 870 496<\/p><\/blockquote>\n","protected":false},"excerpt":{"rendered":"<p>Les modalit\u00e9s pratiques de notre groupe de parole sur la parentalit\u00e9 ont \u00e9t\u00e9 d\u00e9finies! Une question ? Une suggestion ? Envie de plus d\u2019infos? Vous voulez vous inscrire ? Contactez [&hellip;]<\/p>\n","protected":false},"author":1,"featured_media":1423,"comment_status":"closed","ping_status":"open","sticky":false,"template":"","format":"standard","meta":{"footnotes":""},"categories":[1],"tags":[],"class_list":["post-1515","post","type-post","status-publish","format-standard","has-post-thumbnail","hentry","category-centre-azimuts"],"wppr_data":{"cwp_meta_box_check":"No"},"_links":{"self":[{"href":"https:\/\/centreazimuts.be\/wp\/wp-json\/wp\/v2\/posts\/1515","targetHints":{"allow":["GET"]}}],"collection":[{"href":"https:\/\/centreazimuts.be\/wp\/wp-json\/wp\/v2\/posts"}],"about":[{"href":"https:\/\/centreazimuts.be\/wp\/wp-json\/wp\/v2\/types\/post"}],"author":[{"embeddable":true,"href":"https:\/\/centreazimuts.be\/wp\/wp-json\/wp\/v2\/users\/1"}],"replies":[{"embeddable":true,"href":"https:\/\/centreazimuts.be\/wp\/wp-json\/wp\/v2\/comments?post=1515"}],"version-history":[{"count":6,"href":"https:\/\/centreazimuts.be\/wp\/wp-json\/wp\/v2\/posts\/1515\/revisions"}],"predecessor-version":[{"id":1523,"href":"https:\/\/centreazimuts.be\/wp\/wp-json\/wp\/v2\/posts\/1515\/revisions\/1523"}],"wp:featuredmedia":[{"embeddable":true,"href":"https:\/\/centreazimuts.be\/wp\/wp-json\/wp\/v2\/media\/1423"}],"wp:attachment":[{"href":"https:\/\/centreazimuts.be\/wp\/wp-json\/wp\/v2\/media?parent=1515"}],"wp:term":[{"taxonomy":"category","embeddable":true,"href":"https:\/\/centreazimuts.be\/wp\/wp-json\/wp\/v2\/categories?post=1515"},{"taxonomy":"post_tag","embeddable":true,"href":"https:\/\/centreazimuts.be\/wp\/wp-json\/wp\/v2\/tags?post=1515"}],"curies":[{"name":"wp","href":"https:\/\/api.w.org\/{rel}","templated":true}]}}